{"id":123,"date":"2016-11-27T11:57:13","date_gmt":"2016-11-27T10:57:13","guid":{"rendered":"http:\/\/www.concordia.lu\/wp\/?p=123"},"modified":"2016-12-01T17:07:13","modified_gmt":"2016-12-01T16:07:13","slug":"chreschtconcert-2016","status":"publish","type":"post","link":"https:\/\/www.concordia.lu\/wp\/2016\/11\/27\/chreschtconcert-2016\/","title":{"rendered":"Chr\u00ebschtconcert 2016"},"content":{"rendered":"<p>Mir invit\u00e9ieren Iech ganz h\u00e4erzlech op de Chr\u00ebschtconcert vu Gesank a Musek Sonndes, den 18. Dezember um 16h00 an der Kierch zu Ierpeldeng\/Sauer. Direktioun Jugendmusek: Jeff Schiltz, Chorale: Jorge Alves, Musek: Jean-Pol Meis.<\/p>\n<p>Den Entree ass fr\u00e4i.<\/p>\n","protected":false},"excerpt":{"rendered":"<p>Mir invit\u00e9ieren Iech ganz h\u00e4erzlech op de Chr\u00ebschtconcert vu Gesank a Musek Sonndes, den 18. Dezember um 16h00 an der Kierch zu Ierpeldeng\/Sauer. Direktioun Jugendmusek: Jeff Schiltz, Chorale: Jorge Alves, Musek: Jean-Pol Meis. Den Entree ass fr\u00e4i.<\/p>\n","protected":false},"author":1,"featured_media":0,"comment_status":"closed","ping_status":"closed","sticky":false,"template":"","format":"standard","meta":{"generate_page_header":"","footnotes":""},"categories":[3],"tags":[],"class_list":["post-123","post","type-post","status-publish","format-standard","hentry","category-news"],"_links":{"self":[{"href":"https:\/\/www.concordia.lu\/wp\/wp-json\/wp\/v2\/posts\/123","targetHints":{"allow":["GET"]}}],"collection":[{"href":"https:\/\/www.concordia.lu\/wp\/wp-json\/wp\/v2\/posts"}],"about":[{"href":"https:\/\/www.concordia.lu\/wp\/wp-json\/wp\/v2\/types\/post"}],"author":[{"embeddable":true,"href":"https:\/\/www.concordia.lu\/wp\/wp-json\/wp\/v2\/users\/1"}],"replies":[{"embeddable":true,"href":"https:\/\/www.concordia.lu\/wp\/wp-json\/wp\/v2\/comments?post=123"}],"version-history":[{"count":2,"href":"https:\/\/www.concordia.lu\/wp\/wp-json\/wp\/v2\/posts\/123\/revisions"}],"predecessor-version":[{"id":154,"href":"https:\/\/www.concordia.lu\/wp\/wp-json\/wp\/v2\/posts\/123\/revisions\/154"}],"wp:attachment":[{"href":"https:\/\/www.concordia.lu\/wp\/wp-json\/wp\/v2\/media?parent=123"}],"wp:term":[{"taxonomy":"category","embeddable":true,"href":"https:\/\/www.concordia.lu\/wp\/wp-json\/wp\/v2\/categories?post=123"},{"taxonomy":"post_tag","embeddable":true,"href":"https:\/\/www.concordia.lu\/wp\/wp-json\/wp\/v2\/tags?post=123"}],"curies":[{"name":"wp","href":"https:\/\/api.w.org\/{rel}","templated":true}]}}